{"id":78977,"date":"2026-09-01T12:54:34","date_gmt":"2026-09-01T12:54:34","guid":{"rendered":"https:\/\/www.mdkchelm.pl\/?p=78977"},"modified":"2026-09-01T13:10:54","modified_gmt":"2026-09-01T13:10:54","slug":"terminy-spotkan-organizacyjnych-w-pracowniach","status":"publish","type":"post","link":"https:\/\/www.mdkchelm.pl\/?p=78977","title":{"rendered":"Terminy spotka\u0144 organizacyjnych w pracowniach"},"content":{"rendered":"\n<div class=\"wp-block-media-text is-stacked-on-mobile\"><figure class=\"wp-block-media-text__media\"><img loading=\"lazy\" decoding=\"async\" width=\"1024\" height=\"724\" src=\"https:\/\/www.mdkchelm.pl\/wp-content\/uploads\/2026\/09\/Spotkania-organizacyjne-1-1024x724.jpg\" alt=\"\" class=\"wp-image-78985 size-full\" srcset=\"https:\/\/www.mdkchelm.pl\/wp-content\/uploads\/2026\/09\/Spotkania-organizacyjne-1-1024x724.jpg 1024w, https:\/\/www.mdkchelm.pl\/wp-content\/uploads\/2026\/09\/Spotkania-organizacyjne-1-300x212.jpg 300w, https:\/\/www.mdkchelm.pl\/wp-content\/uploads\/2026\/09\/Spotkania-organizacyjne-1-768x543.jpg 768w, https:\/\/www.mdkchelm.pl\/wp-content\/uploads\/2026\/09\/Spotkania-organizacyjne-1-1536x1086.jpg 1536w, https:\/\/www.mdkchelm.pl\/wp-content\/uploads\/2026\/09\/Spotkania-organizacyjne-1-2048x1448.jpg 2048w\" sizes=\"(max-width: 1024px) 100vw, 1024px\" \/><\/figure><div class=\"wp-block-media-text__content\">\n<p>Zapraszamy rodzic\u00f3w do udzia\u0142u w spotkaniach organizacyjnych pracowni MDK. Podczas spotka\u0144 ustalone zostan\u0105 m.in. grafiki zaj\u0119\u0107 i sprawy bie\u017c\u0105ce. Prosimy o obecno\u015b\u0107. W przypadku pyta\u0144, prosimy o kontakt z sekretariatem, tel. 82 565 21 57.<\/p>\n<\/div><\/div>\n\n\n\n<p>DANCE TEAM:<br>czwartek, 03.09.2026, godz. 16.00 &#8211; kontynuacja zaj\u0119\u0107<br>czwartek, 03.09.2026, godz. 16.40 &#8211; nowi uczestnicy<br>(Filia MDK, ul. Czarnieckiego 8)<\/p>\n\n\n\n<p>EKOLUDKI:<br>poniedzia\u0142ek, 21.09.2026, godz. 17.00<br>(Filia MDK, ul. Czarnieckiego 8)<\/p>\n\n\n\n<p>DEMEX:<br>poniedzia\u0142ek, 07.09.2026, godz. 18.30<br>(MDK, ul. Pocztowa 41)<\/p>\n\n\n\n<p>MODNA SZTUKA:<br>wtorek, 08.09.2026, godz. 18.00 &#8211; nowe przyj\u0119cia<br>pi\u0105tek, 18.09.2026, godz. 17.00 \u2013 kontynuacje<br>(MDK, ul. Pocztowa 41)<\/p>\n\n\n\n<p>ORKIESTRA WSZYSTKO GRA:<br>pi\u0105tek, 4.09.2026, godz. 18.45<br>(Filia MDK, ul. Czarnieckiego 8)<\/p>\n\n\n\n<p>STUDIO TEATRU WYOBRA\u0179NI:<br>wtorek, 15.09.2026, godz. 17.30<br>(sala teatralna MDK, ul. Pocztowa 41)<\/p>\n\n\n\n<p>PLASTELOWNIA:<br>czwartek, 09.09.2026, godz. 17.00 \u2013 nowa grupa<\/p>\n","protected":false},"excerpt":{"rendered":"<p>Zapraszamy rodzic\u00f3w do udzia\u0142u w spotkaniach organizacyjnych pracowni MDK. Podczas spotka\u0144 ustalone zostan\u0105 m.in. grafiki zaj\u0119\u0107 i sprawy bie\u017c\u0105ce. Prosimy o obecno\u015b\u0107. W przypadku pyta\u0144, prosimy o kontakt z sekretariatem, tel. 82 565 21&#46;&#46;&#46;<\/p>\n","protected":false},"author":3,"featured_media":78978,"comment_status":"closed","ping_status":"closed","sticky":false,"template":"","format":"standard","meta":{"ngg_post_thumbnail":0,"footnotes":""},"categories":[1],"tags":[],"_links":{"self":[{"href":"https:\/\/www.mdkchelm.pl\/index.php?rest_route=\/wp\/v2\/posts\/78977"}],"collection":[{"href":"https:\/\/www.mdkchelm.pl\/index.php?rest_route=\/wp\/v2\/posts"}],"about":[{"href":"https:\/\/www.mdkchelm.pl\/index.php?rest_route=\/wp\/v2\/types\/post"}],"author":[{"embeddable":true,"href":"https:\/\/www.mdkchelm.pl\/index.php?rest_route=\/wp\/v2\/users\/3"}],"replies":[{"embeddable":true,"href":"https:\/\/www.mdkchelm.pl\/index.php?rest_route=%2Fwp%2Fv2%2Fcomments&post=78977"}],"version-history":[{"count":11,"href":"https:\/\/www.mdkchelm.pl\/index.php?rest_route=\/wp\/v2\/posts\/78977\/revisions"}],"predecessor-version":[{"id":78995,"href":"https:\/\/www.mdkchelm.pl\/index.php?rest_route=\/wp\/v2\/posts\/78977\/revisions\/78995"}],"wp:featuredmedia":[{"embeddable":true,"href":"https:\/\/www.mdkchelm.pl\/index.php?rest_route=\/wp\/v2\/media\/78978"}],"wp:attachment":[{"href":"https:\/\/www.mdkchelm.pl\/index.php?rest_route=%2Fwp%2Fv2%2Fmedia&parent=78977"}],"wp:term":[{"taxonomy":"category","embeddable":true,"href":"https:\/\/www.mdkchelm.pl\/index.php?rest_route=%2Fwp%2Fv2%2Fcategories&post=78977"},{"taxonomy":"post_tag","embeddable":true,"href":"https:\/\/www.mdkchelm.pl\/index.php?rest_route=%2Fwp%2Fv2%2Ftags&post=78977"}],"curies":[{"name":"wp","href":"https:\/\/api.w.org\/{rel}","templated":true}]}}